{"id":769,"date":"2021-08-04T18:43:27","date_gmt":"2021-08-04T21:43:27","guid":{"rendered":"https:\/\/www.ihumanize.org\/?p=769"},"modified":"2022-02-09T14:52:51","modified_gmt":"2022-02-09T17:52:51","slug":"implementacao-da-avaliacao-rapida-e-priorizacao-da-gestao-de-unidades-de-conservacao-rappam-em-unidades-de-conservacao-estaduais-de-minas-gerais","status":"publish","type":"post","link":"https:\/\/www.ihumanize.org\/en\/2021\/08\/04\/implementacao-da-avaliacao-rapida-e-priorizacao-da-gestao-de-unidades-de-conservacao-rappam-em-unidades-de-conservacao-estaduais-de-minas-gerais\/","title":{"rendered":"Implementa\u00e7\u00e3o da Avalia\u00e7\u00e3o R\u00e1pida e Prioriza\u00e7\u00e3o da Gest\u00e3o de Unidades de Conserva\u00e7\u00e3o (RAPPAM) em Unidades de Conserva\u00e7\u00e3o estaduais de Minas Gerais"},"content":{"rendered":"","protected":false},"excerpt":{"rendered":"","protected":false},"author":1,"featured_media":2283,"comment_status":"open","ping_status":"open","sticky":false,"template":"","format":"standard","meta":{"_acf_changed":false,"footnotes":""},"categories":[3],"tags":[],"acf":[],"yoast_head":"<!-- This site is optimized with the Yoast SEO plugin v22.6 - https:\/\/yoast.com\/wordpress\/plugins\/seo\/ -->\n<title>Implementa\u00e7\u00e3o da Avalia\u00e7\u00e3o R\u00e1pida e Prioriza\u00e7\u00e3o da Gest\u00e3o de Unidades de Conserva\u00e7\u00e3o (RAPPAM) em Unidades de Conserva\u00e7\u00e3o estaduais de Minas Gerais - Humanize Institute - EN<\/title>\n<meta name=\"robots\" content=\"index, follow, max-snippet:-1, max-image-preview:large, max-video-preview:-1\" \/>\n<link rel=\"canonical\" href=\"https:\/\/www.ihumanize.org\/en\/2021\/08\/04\/implementacao-da-avaliacao-rapida-e-priorizacao-da-gestao-de-unidades-de-conservacao-rappam-em-unidades-de-conservacao-estaduais-de-minas-gerais\/\" \/>\n<meta property=\"og:locale\" content=\"pt_BR\" \/>\n<meta property=\"og:type\" content=\"article\" \/>\n<meta property=\"og:title\" content=\"Implementa\u00e7\u00e3o da Avalia\u00e7\u00e3o R\u00e1pida e Prioriza\u00e7\u00e3o da Gest\u00e3o de Unidades de Conserva\u00e7\u00e3o (RAPPAM) em Unidades de Conserva\u00e7\u00e3o estaduais de Minas Gerais - Humanize Institute - EN\" \/>\n<meta property=\"og:url\" content=\"https:\/\/www.ihumanize.org\/en\/2021\/08\/04\/implementacao-da-avaliacao-rapida-e-priorizacao-da-gestao-de-unidades-de-conservacao-rappam-em-unidades-de-conservacao-estaduais-de-minas-gerais\/\" \/>\n<meta property=\"og:site_name\" content=\"Humanize Institute - EN\" \/>\n<meta property=\"article:published_time\" content=\"2021-08-04T21:43:27+00:00\" \/>\n<meta property=\"article:modified_time\" content=\"2022-02-09T17:52:51+00:00\" \/>\n<meta property=\"og:image\" content=\"https:\/\/www.ihumanize.org\/en\/wp-content\/uploads\/sites\/2\/2021\/08\/28.-Implementacao-da-Avaliacao-Rapida-e-Priorizacao-da-Gestao-de-Unidades-de-Conservacao.png\" \/>\n\t<meta property=\"og:image:width\" content=\"400\" \/>\n\t<meta property=\"og:image:height\" content=\"232\" \/>\n\t<meta property=\"og:image:type\" content=\"image\/png\" \/>\n<meta name=\"author\" content=\"index\" \/>\n<meta name=\"twitter:card\" content=\"summary_large_image\" \/>\n<meta name=\"twitter:label1\" content=\"Escrito por\" \/>\n\t<meta name=\"twitter:data1\" content=\"index\" \/>\n<script type=\"application\/ld+json\" class=\"yoast-schema-graph\">{\"@context\":\"https:\/\/schema.org\",\"@graph\":[{\"@type\":\"WebPage\",\"@id\":\"https:\/\/www.ihumanize.org\/en\/2021\/08\/04\/implementacao-da-avaliacao-rapida-e-priorizacao-da-gestao-de-unidades-de-conservacao-rappam-em-unidades-de-conservacao-estaduais-de-minas-gerais\/\",\"url\":\"https:\/\/www.ihumanize.org\/en\/2021\/08\/04\/implementacao-da-avaliacao-rapida-e-priorizacao-da-gestao-de-unidades-de-conservacao-rappam-em-unidades-de-conservacao-estaduais-de-minas-gerais\/\",\"name\":\"Implementa\u00e7\u00e3o da Avalia\u00e7\u00e3o R\u00e1pida e Prioriza\u00e7\u00e3o da Gest\u00e3o de Unidades de Conserva\u00e7\u00e3o (RAPPAM) em Unidades de Conserva\u00e7\u00e3o estaduais de Minas Gerais - Humanize Institute - EN\",\"isPartOf\":{\"@id\":\"https:\/\/www.ihumanize.org\/en\/#website\"},\"primaryImageOfPage\":{\"@id\":\"https:\/\/www.ihumanize.org\/en\/2021\/08\/04\/implementacao-da-avaliacao-rapida-e-priorizacao-da-gestao-de-unidades-de-conservacao-rappam-em-unidades-de-conservacao-estaduais-de-minas-gerais\/#primaryimage\"},\"image\":{\"@id\":\"https:\/\/www.ihumanize.org\/en\/2021\/08\/04\/implementacao-da-avaliacao-rapida-e-priorizacao-da-gestao-de-unidades-de-conservacao-rappam-em-unidades-de-conservacao-estaduais-de-minas-gerais\/#primaryimage\"},\"thumbnailUrl\":\"https:\/\/www.ihumanize.org\/en\/wp-content\/uploads\/sites\/2\/2021\/08\/28.-Implementacao-da-Avaliacao-Rapida-e-Priorizacao-da-Gestao-de-Unidades-de-Conservacao.png\",\"datePublished\":\"2021-08-04T21:43:27+00:00\",\"dateModified\":\"2022-02-09T17:52:51+00:00\",\"author\":{\"@id\":\"https:\/\/www.ihumanize.org\/en\/#\/schema\/person\/ea32a067a3bd5c931249fc0c09230176\"},\"breadcrumb\":{\"@id\":\"https:\/\/www.ihumanize.org\/en\/2021\/08\/04\/implementacao-da-avaliacao-rapida-e-priorizacao-da-gestao-de-unidades-de-conservacao-rappam-em-unidades-de-conservacao-estaduais-de-minas-gerais\/#breadcrumb\"},\"inLanguage\":\"pt-BR\",\"potentialAction\":[{\"@type\":\"ReadAction\",\"target\":[\"https:\/\/www.ihumanize.org\/en\/2021\/08\/04\/implementacao-da-avaliacao-rapida-e-priorizacao-da-gestao-de-unidades-de-conservacao-rappam-em-unidades-de-conservacao-estaduais-de-minas-gerais\/\"]}]},{\"@type\":\"ImageObject\",\"inLanguage\":\"pt-BR\",\"@id\":\"https:\/\/www.ihumanize.org\/en\/2021\/08\/04\/implementacao-da-avaliacao-rapida-e-priorizacao-da-gestao-de-unidades-de-conservacao-rappam-em-unidades-de-conservacao-estaduais-de-minas-gerais\/#primaryimage\",\"url\":\"https:\/\/www.ihumanize.org\/en\/wp-content\/uploads\/sites\/2\/2021\/08\/28.-Implementacao-da-Avaliacao-Rapida-e-Priorizacao-da-Gestao-de-Unidades-de-Conservacao.png\",\"contentUrl\":\"https:\/\/www.ihumanize.org\/en\/wp-content\/uploads\/sites\/2\/2021\/08\/28.-Implementacao-da-Avaliacao-Rapida-e-Priorizacao-da-Gestao-de-Unidades-de-Conservacao.png\",\"width\":400,\"height\":232},{\"@type\":\"BreadcrumbList\",\"@id\":\"https:\/\/www.ihumanize.org\/en\/2021\/08\/04\/implementacao-da-avaliacao-rapida-e-priorizacao-da-gestao-de-unidades-de-conservacao-rappam-em-unidades-de-conservacao-estaduais-de-minas-gerais\/#breadcrumb\",\"itemListElement\":[{\"@type\":\"ListItem\",\"position\":1,\"name\":\"In\u00edcio\",\"item\":\"https:\/\/www.ihumanize.org\/en\/\"},{\"@type\":\"ListItem\",\"position\":2,\"name\":\"Implementa\u00e7\u00e3o da Avalia\u00e7\u00e3o R\u00e1pida e Prioriza\u00e7\u00e3o da Gest\u00e3o de Unidades de Conserva\u00e7\u00e3o (RAPPAM) em Unidades de Conserva\u00e7\u00e3o estaduais de Minas Gerais\"}]},{\"@type\":\"WebSite\",\"@id\":\"https:\/\/www.ihumanize.org\/en\/#website\",\"url\":\"https:\/\/www.ihumanize.org\/en\/\",\"name\":\"Humanize Institute - EN\",\"description\":\"The Humanize Institute is an institution of the third sector\",\"potentialAction\":[{\"@type\":\"SearchAction\",\"target\":{\"@type\":\"EntryPoint\",\"urlTemplate\":\"https:\/\/www.ihumanize.org\/en\/?s={search_term_string}\"},\"query-input\":\"required name=search_term_string\"}],\"inLanguage\":\"pt-BR\"},{\"@type\":\"Person\",\"@id\":\"https:\/\/www.ihumanize.org\/en\/#\/schema\/person\/ea32a067a3bd5c931249fc0c09230176\",\"name\":\"index\",\"image\":{\"@type\":\"ImageObject\",\"inLanguage\":\"pt-BR\",\"@id\":\"https:\/\/www.ihumanize.org\/en\/#\/schema\/person\/image\/\",\"url\":\"https:\/\/secure.gravatar.com\/avatar\/de1e9553da5af0518e96c34058e3beed?s=96&d=mm&r=g\",\"contentUrl\":\"https:\/\/secure.gravatar.com\/avatar\/de1e9553da5af0518e96c34058e3beed?s=96&d=mm&r=g\",\"caption\":\"index\"},\"sameAs\":[\"https:\/\/www.ihumanize.org\"],\"url\":\"https:\/\/www.ihumanize.org\/en\/author\/index\/\"}]}<\/script>\n<!-- \/ Yoast SEO plugin. -->","yoast_head_json":{"title":"Implementa\u00e7\u00e3o da Avalia\u00e7\u00e3o R\u00e1pida e Prioriza\u00e7\u00e3o da Gest\u00e3o de Unidades de Conserva\u00e7\u00e3o (RAPPAM) em Unidades de Conserva\u00e7\u00e3o estaduais de Minas Gerais - Humanize Institute - EN","robots":{"index":"index","follow":"follow","max-snippet":"max-snippet:-1","max-image-preview":"max-image-preview:large","max-video-preview":"max-video-preview:-1"},"canonical":"https:\/\/www.ihumanize.org\/en\/2021\/08\/04\/implementacao-da-avaliacao-rapida-e-priorizacao-da-gestao-de-unidades-de-conservacao-rappam-em-unidades-de-conservacao-estaduais-de-minas-gerais\/","og_locale":"pt_BR","og_type":"article","og_title":"Implementa\u00e7\u00e3o da Avalia\u00e7\u00e3o R\u00e1pida e Prioriza\u00e7\u00e3o da Gest\u00e3o de Unidades de Conserva\u00e7\u00e3o (RAPPAM) em Unidades de Conserva\u00e7\u00e3o estaduais de Minas Gerais - Humanize Institute - EN","og_url":"https:\/\/www.ihumanize.org\/en\/2021\/08\/04\/implementacao-da-avaliacao-rapida-e-priorizacao-da-gestao-de-unidades-de-conservacao-rappam-em-unidades-de-conservacao-estaduais-de-minas-gerais\/","og_site_name":"Humanize Institute - EN","article_published_time":"2021-08-04T21:43:27+00:00","article_modified_time":"2022-02-09T17:52:51+00:00","og_image":[{"width":400,"height":232,"url":"https:\/\/www.ihumanize.org\/en\/wp-content\/uploads\/sites\/2\/2021\/08\/28.-Implementacao-da-Avaliacao-Rapida-e-Priorizacao-da-Gestao-de-Unidades-de-Conservacao.png","type":"image\/png"}],"author":"index","twitter_card":"summary_large_image","twitter_misc":{"Escrito por":"index"},"schema":{"@context":"https:\/\/schema.org","@graph":[{"@type":"WebPage","@id":"https:\/\/www.ihumanize.org\/en\/2021\/08\/04\/implementacao-da-avaliacao-rapida-e-priorizacao-da-gestao-de-unidades-de-conservacao-rappam-em-unidades-de-conservacao-estaduais-de-minas-gerais\/","url":"https:\/\/www.ihumanize.org\/en\/2021\/08\/04\/implementacao-da-avaliacao-rapida-e-priorizacao-da-gestao-de-unidades-de-conservacao-rappam-em-unidades-de-conservacao-estaduais-de-minas-gerais\/","name":"Implementa\u00e7\u00e3o da Avalia\u00e7\u00e3o R\u00e1pida e Prioriza\u00e7\u00e3o da Gest\u00e3o de Unidades de Conserva\u00e7\u00e3o (RAPPAM) em Unidades de Conserva\u00e7\u00e3o estaduais de Minas Gerais - Humanize Institute - EN","isPartOf":{"@id":"https:\/\/www.ihumanize.org\/en\/#website"},"primaryImageOfPage":{"@id":"https:\/\/www.ihumanize.org\/en\/2021\/08\/04\/implementacao-da-avaliacao-rapida-e-priorizacao-da-gestao-de-unidades-de-conservacao-rappam-em-unidades-de-conservacao-estaduais-de-minas-gerais\/#primaryimage"},"image":{"@id":"https:\/\/www.ihumanize.org\/en\/2021\/08\/04\/implementacao-da-avaliacao-rapida-e-priorizacao-da-gestao-de-unidades-de-conservacao-rappam-em-unidades-de-conservacao-estaduais-de-minas-gerais\/#primaryimage"},"thumbnailUrl":"https:\/\/www.ihumanize.org\/en\/wp-content\/uploads\/sites\/2\/2021\/08\/28.-Implementacao-da-Avaliacao-Rapida-e-Priorizacao-da-Gestao-de-Unidades-de-Conservacao.png","datePublished":"2021-08-04T21:43:27+00:00","dateModified":"2022-02-09T17:52:51+00:00","author":{"@id":"https:\/\/www.ihumanize.org\/en\/#\/schema\/person\/ea32a067a3bd5c931249fc0c09230176"},"breadcrumb":{"@id":"https:\/\/www.ihumanize.org\/en\/2021\/08\/04\/implementacao-da-avaliacao-rapida-e-priorizacao-da-gestao-de-unidades-de-conservacao-rappam-em-unidades-de-conservacao-estaduais-de-minas-gerais\/#breadcrumb"},"inLanguage":"pt-BR","potentialAction":[{"@type":"ReadAction","target":["https:\/\/www.ihumanize.org\/en\/2021\/08\/04\/implementacao-da-avaliacao-rapida-e-priorizacao-da-gestao-de-unidades-de-conservacao-rappam-em-unidades-de-conservacao-estaduais-de-minas-gerais\/"]}]},{"@type":"ImageObject","inLanguage":"pt-BR","@id":"https:\/\/www.ihumanize.org\/en\/2021\/08\/04\/implementacao-da-avaliacao-rapida-e-priorizacao-da-gestao-de-unidades-de-conservacao-rappam-em-unidades-de-conservacao-estaduais-de-minas-gerais\/#primaryimage","url":"https:\/\/www.ihumanize.org\/en\/wp-content\/uploads\/sites\/2\/2021\/08\/28.-Implementacao-da-Avaliacao-Rapida-e-Priorizacao-da-Gestao-de-Unidades-de-Conservacao.png","contentUrl":"https:\/\/www.ihumanize.org\/en\/wp-content\/uploads\/sites\/2\/2021\/08\/28.-Implementacao-da-Avaliacao-Rapida-e-Priorizacao-da-Gestao-de-Unidades-de-Conservacao.png","width":400,"height":232},{"@type":"BreadcrumbList","@id":"https:\/\/www.ihumanize.org\/en\/2021\/08\/04\/implementacao-da-avaliacao-rapida-e-priorizacao-da-gestao-de-unidades-de-conservacao-rappam-em-unidades-de-conservacao-estaduais-de-minas-gerais\/#breadcrumb","itemListElement":[{"@type":"ListItem","position":1,"name":"In\u00edcio","item":"https:\/\/www.ihumanize.org\/en\/"},{"@type":"ListItem","position":2,"name":"Implementa\u00e7\u00e3o da Avalia\u00e7\u00e3o R\u00e1pida e Prioriza\u00e7\u00e3o da Gest\u00e3o de Unidades de Conserva\u00e7\u00e3o (RAPPAM) em Unidades de Conserva\u00e7\u00e3o estaduais de Minas Gerais"}]},{"@type":"WebSite","@id":"https:\/\/www.ihumanize.org\/en\/#website","url":"https:\/\/www.ihumanize.org\/en\/","name":"Humanize Institute - EN","description":"The Humanize Institute is an institution of the third sector","potentialAction":[{"@type":"SearchAction","target":{"@type":"EntryPoint","urlTemplate":"https:\/\/www.ihumanize.org\/en\/?s={search_term_string}"},"query-input":"required name=search_term_string"}],"inLanguage":"pt-BR"},{"@type":"Person","@id":"https:\/\/www.ihumanize.org\/en\/#\/schema\/person\/ea32a067a3bd5c931249fc0c09230176","name":"index","image":{"@type":"ImageObject","inLanguage":"pt-BR","@id":"https:\/\/www.ihumanize.org\/en\/#\/schema\/person\/image\/","url":"https:\/\/secure.gravatar.com\/avatar\/de1e9553da5af0518e96c34058e3beed?s=96&d=mm&r=g","contentUrl":"https:\/\/secure.gravatar.com\/avatar\/de1e9553da5af0518e96c34058e3beed?s=96&d=mm&r=g","caption":"index"},"sameAs":["https:\/\/www.ihumanize.org"],"url":"https:\/\/www.ihumanize.org\/en\/author\/index\/"}]}},"_links":{"self":[{"href":"https:\/\/www.ihumanize.org\/en\/wp-json\/wp\/v2\/posts\/769"}],"collection":[{"href":"https:\/\/www.ihumanize.org\/en\/wp-json\/wp\/v2\/posts"}],"about":[{"href":"https:\/\/www.ihumanize.org\/en\/wp-json\/wp\/v2\/types\/post"}],"author":[{"embeddable":true,"href":"https:\/\/www.ihumanize.org\/en\/wp-json\/wp\/v2\/users\/1"}],"replies":[{"embeddable":true,"href":"https:\/\/www.ihumanize.org\/en\/wp-json\/wp\/v2\/comments?post=769"}],"version-history":[{"count":1,"href":"https:\/\/www.ihumanize.org\/en\/wp-json\/wp\/v2\/posts\/769\/revisions"}],"predecessor-version":[{"id":2102,"href":"https:\/\/www.ihumanize.org\/en\/wp-json\/wp\/v2\/posts\/769\/revisions\/2102"}],"wp:featuredmedia":[{"embeddable":true,"href":"https:\/\/www.ihumanize.org\/en\/wp-json\/wp\/v2\/media\/2283"}],"wp:attachment":[{"href":"https:\/\/www.ihumanize.org\/en\/wp-json\/wp\/v2\/media?parent=769"}],"wp:term":[{"taxonomy":"category","embeddable":true,"href":"https:\/\/www.ihumanize.org\/en\/wp-json\/wp\/v2\/categories?post=769"},{"taxonomy":"post_tag","embeddable":true,"href":"https:\/\/www.ihumanize.org\/en\/wp-json\/wp\/v2\/tags?post=769"}],"curies":[{"name":"wp","href":"https:\/\/api.w.org\/{rel}","templated":true}]}}